{"id":28430,"date":"2025-12-03T15:12:22","date_gmt":"2025-12-03T14:12:22","guid":{"rendered":"https:\/\/ecix.tech\/?p=28430"},"modified":"2026-04-17T11:37:51","modified_gmt":"2026-04-17T10:37:51","slug":"govern-integral-de-la-privadesa-amb-eprivacy","status":"publish","type":"post","link":"https:\/\/ecix.tech\/ca\/2025\/12\/03\/govern-integral-de-la-privadesa-amb-eprivacy\/","title":{"rendered":"Govern integral de la privadesa amb ePrivacy"},"content":{"rendered":"<div data-elementor-type=\"wp-post\" data-elementor-id=\"28430\" class=\"elementor elementor-28430\" data-elementor-post-type=\"post\">\n\t\t\t\t\t\t<section class=\"elementor-section elementor-top-section elementor-element elementor-element-151ea6a7 elementor-section-height-min-height elementor-section-boxed elementor-section-height-default elementor-section-items-middle\" data-id=\"151ea6a7\" data-element_type=\"section\" data-e-type=\"section\" data-settings=\"{&quot;background_background&quot;:&quot;classic&quot;}\">\n\t\t\t\t\t\t\t<div class=\"elementor-background-overlay\"><\/div>\n\t\t\t\t\t\t\t<div class=\"elementor-container elementor-column-gap-default\">\n\t\t\t\t\t<div class=\"elementor-column elementor-col-100 elementor-top-column elementor-element elementor-element-7b2a90b0\" data-id=\"7b2a90b0\" data-element_type=\"column\" data-e-type=\"column\">\n\t\t\t<div class=\"elementor-widget-wrap elementor-element-populated\">\n\t\t\t\t\t\t<div class=\"elementor-element elementor-element-3b780492 elementor-widget__width-initial elementor-widget elementor-widget-hub_fancy_heading\" data-id=\"3b780492\" data-element_type=\"widget\" data-e-type=\"widget\" data-widget_type=\"hub_fancy_heading.default\">\n\t\t\t\t<div class=\"elementor-widget-container\">\n\t\t\t\t\t\n\t\t<div id=\"ld-fancy-heading-69f2e4999198d\" class=\"ld-fancy-heading pos-rel\">\n\t\t\t<h4 class=\"ld-fh-element d-inline-block pos-rel  elementor-heading-title lqd-highlight-custom lqd-highlight-custom-1 h4\"  > Govern integral de la privadesa amb ePrivacy<\/h4>\t\t<\/div>\n\n\t\t\t\t\t\t<\/div>\n\t\t\t\t<\/div>\n\t\t\t\t\t<\/div>\n\t\t<\/div>\n\t\t\t\t\t<\/div>\n\t\t<\/section>\n\t\t\t\t<section class=\"elementor-section elementor-top-section elementor-element elementor-element-689764ee elementor-section-boxed elementor-section-height-default elementor-section-height-default\" data-id=\"689764ee\" data-element_type=\"section\" data-e-type=\"section\" data-settings=\"{&quot;background_background&quot;:&quot;classic&quot;}\">\n\t\t\t\t\t\t<div class=\"elementor-container elementor-column-gap-no\">\n\t\t\t\t\t<div class=\"elementor-column elementor-col-100 elementor-top-column elementor-element elementor-element-21871bf3\" data-id=\"21871bf3\" data-element_type=\"column\" data-e-type=\"column\">\n\t\t\t<div class=\"elementor-widget-wrap elementor-element-populated\">\n\t\t\t\t\t\t<section class=\"elementor-section elementor-inner-section elementor-element elementor-element-6cf5538 elementor-section-boxed elementor-section-height-default elementor-section-height-default\" data-id=\"6cf5538\" data-element_type=\"section\" data-e-type=\"section\">\n\t\t\t\t\t\t<div class=\"elementor-container elementor-column-gap-default\">\n\t\t\t\t\t<div class=\"elementor-column elementor-col-50 elementor-inner-column elementor-element elementor-element-17e49dee\" data-id=\"17e49dee\" data-element_type=\"column\" data-e-type=\"column\">\n\t\t\t<div class=\"elementor-widget-wrap elementor-element-populated\">\n\t\t\t\t\t\t<div class=\"elementor-element elementor-element-2de13ab2 elementor-widget__width-initial elementor-widget elementor-widget-hub_fancy_heading\" data-id=\"2de13ab2\" data-element_type=\"widget\" data-e-type=\"widget\" data-widget_type=\"hub_fancy_heading.default\">\n\t\t\t\t<div class=\"elementor-widget-container\">\n\t\t\t\t\t\n\t\t<div id=\"ld-fancy-heading-69f2e49993e93\" class=\"ld-fancy-heading pos-rel\">\n\t\t\t<h2 class=\"ld-fh-element d-inline-block pos-rel  elementor-heading-title lqd-highlight-classic lqd-highlight-grow-left h2\"  > Desafiament<\/h2>\t\t<\/div>\n\n\t\t\t\t\t\t<\/div>\n\t\t\t\t<\/div>\n\t\t\t\t\t<\/div>\n\t\t<\/div>\n\t\t\t\t<div class=\"elementor-column elementor-col-50 elementor-inner-column elementor-element elementor-element-6828deca\" data-id=\"6828deca\" data-element_type=\"column\" data-e-type=\"column\">\n\t\t\t<div class=\"elementor-widget-wrap elementor-element-populated\">\n\t\t\t\t\t\t<div class=\"elementor-element elementor-element-688bdf59 elementor-widget elementor-widget-hub_fancy_heading\" data-id=\"688bdf59\" data-element_type=\"widget\" data-e-type=\"widget\" data-widget_type=\"hub_fancy_heading.default\">\n\t\t\t\t<div class=\"elementor-widget-container\">\n\t\t\t\t\t\n\t\t<div id=\"ld-fancy-heading-69f2e49994d57\" class=\"ld-fancy-heading pos-rel\">\n\t\t\t<p class=\"ld-fh-element d-inline-block pos-rel  lqd-highlight-classic lqd-highlight-grow-left p\"  > Un potent grup multinacional espanyol del <b>sector de la construcci\u00f3, infraestructures, serveis ciutadans i immobiliari<\/b>, amb <b>centenars d&#039;empreses<\/b> i pres\u00e8ncia a m\u00faltiples territoris, s&#039;enfrontava a un repte creixent en mat\u00e8ria de privadesa:\n\n<ul style=\"padding-left: 20px;margin-top:10px;margin-bottom:15px\">\n<li>Marcs reguladors exigents (RGPD, LOPDGDD i normativa sectorial).<\/li>\n\n<li>Un <b>model organitzatiu molt complex<\/b>, amb filials, UTEs i societats participades.<\/li>\n\n<li>Un <b>govern corporatiu centralitzat<\/b>, per\u00f2 amb operacions molt descentralitzades. La gesti\u00f3 de la privadesa es recolzava en pol\u00edtiques corporatives i eines <\/li>\n<\/ul>\n\n\tdisperses, cosa que dificultava:\n\n<ul style=\"padding-left: 20px;margin-top:10px;margin-bottom:15px\">\n<li>Mantenir un <b>Registre d&#039;Activitats de Tractament (RAT)<\/b> complet i actualitzat per a tot el grup.<\/li>\n<li>Coordinar Avaluacions dImpacte (EIPD), respostes a drets dinteressats i gesti\u00f3 de bretxes.<\/li>\n<li>Alinear totes les companyies del grup sota uns <b>criteris homogenis de compliment i evid\u00e8ncies<\/b>.<\/li>\n<\/ul>\n\t\nL&#039;organitzaci\u00f3 en necessitava una <b>soluci\u00f3 global i operativa<\/b>, que permet\u00e9s passar d&#039;un enfocament reactiu i documental a un model estructurat de <b>gesti\u00f3 integral de la privadesa<\/b>.\n<\/p>\t\t<\/div>\n\n\t\t\t\t\t\t<\/div>\n\t\t\t\t<\/div>\n\t\t\t\t\t<\/div>\n\t\t<\/div>\n\t\t\t\t\t<\/div>\n\t\t<\/section>\n\t\t\t\t<section class=\"elementor-section elementor-inner-section elementor-element elementor-element-3c4a584b elementor-section-boxed elementor-section-height-default elementor-section-height-default\" data-id=\"3c4a584b\" data-element_type=\"section\" data-e-type=\"section\">\n\t\t\t\t\t\t<div class=\"elementor-container elementor-column-gap-default\">\n\t\t\t\t\t<div class=\"elementor-column elementor-col-50 elementor-inner-column elementor-element elementor-element-75baf52\" data-id=\"75baf52\" data-element_type=\"column\" data-e-type=\"column\">\n\t\t\t<div class=\"elementor-widget-wrap elementor-element-populated\">\n\t\t\t\t\t\t<div class=\"elementor-element elementor-element-deb998d elementor-widget__width-initial elementor-widget elementor-widget-hub_fancy_heading\" data-id=\"deb998d\" data-element_type=\"widget\" data-e-type=\"widget\" data-widget_type=\"hub_fancy_heading.default\">\n\t\t\t\t<div class=\"elementor-widget-container\">\n\t\t\t\t\t\n\t\t<div id=\"ld-fancy-heading-69f2e4999650f\" class=\"ld-fancy-heading pos-rel\">\n\t\t\t<h2 class=\"ld-fh-element d-inline-block pos-rel  elementor-heading-title lqd-highlight-classic lqd-highlight-grow-left h2\"  > Enfocament<\/h2>\t\t<\/div>\n\n\t\t\t\t\t\t<\/div>\n\t\t\t\t<\/div>\n\t\t\t\t\t<\/div>\n\t\t<\/div>\n\t\t\t\t<div class=\"elementor-column elementor-col-50 elementor-inner-column elementor-element elementor-element-74b8c35d\" data-id=\"74b8c35d\" data-element_type=\"column\" data-e-type=\"column\">\n\t\t\t<div class=\"elementor-widget-wrap elementor-element-populated\">\n\t\t\t\t\t\t<div class=\"elementor-element elementor-element-3de2f54a elementor-widget elementor-widget-hub_fancy_heading\" data-id=\"3de2f54a\" data-element_type=\"widget\" data-e-type=\"widget\" data-widget_type=\"hub_fancy_heading.default\">\n\t\t\t\t<div class=\"elementor-widget-container\">\n\t\t\t\t\t\n\t\t<div id=\"ld-fancy-heading-69f2e4999739c\" class=\"ld-fancy-heading pos-rel\">\n\t\t\t<p class=\"ld-fh-element d-inline-block pos-rel  lqd-highlight-classic lqd-highlight-grow-left p\"  > ECIX Tech va dissenyar i implantar un servei <b>Legal Operations de privadesa de grup<\/b>, suportat en la soluci\u00f3 <b>ePrivacy<\/b> com a plataforma corporativa. L&#039;enfocament es va articular en tres nivells:\n<ol style=\"padding-left: 20px;margin-top:10px;margin-bottom:15px\">\n    <li style=\"margin-bottom: 1rem\">\n        <b>Model de govern i operaci\u00f3 de la privadesa<\/b>\n        <ul>\n            <li style=\"margin-bottom: 0.5rem\">\n                Definici\u00f3 d&#039;un <b>marc de govern corporatiu<\/b> que combinava direcci\u00f3 central (corporaci\u00f3) amb rols locals de privadesa en filials i unitats de negoci.\n            <\/li>\n            <li style=\"margin-bottom: 0.5rem\">\n                Establiment de <b>rols i responsabilitats<\/b> (DPO corporatiu, responsables locals, coordinadors d&#039;\u00e0rees) i fluxos de treball entre ells.\n            <\/li>\n        <\/ul>\n    <\/li>\n\n    <li style=\"margin-bottom: 1rem\">\n        <b>Desplegament d&#039;ePrivacy com a soluci\u00f3 global<\/b>\n        <ul>\n            <li style=\"margin-bottom: 0.5rem\">\n                Configuraci\u00f3 d&#039;ePrivacy com <b>plataforma \u00fanica per a tot el grup<\/b>, amb vistes i permisos per societat.\n            <\/li>\n            <li style=\"margin-bottom: 0.5rem\">\n                Consolidaci\u00f3 del <b>Registre d&#039;activitats de tractament<\/b>, permetent gestionar tractaments per empresa, \u00e0rea i proc\u00e9s.\n            <\/li>\n            <li style=\"margin-bottom: 0.5rem\">\n                Implementaci\u00f3 de m\u00f2duls per a:\n                <ul>\n                    <li style=\"margin-bottom: 0.25rem\"><b>EIPD i an\u00e0lisi de riscos<\/b> tractaments d&#039;alt impacte.<\/li>\n                    <li style=\"margin-bottom: 0.25rem\"><b>Gesti\u00f3 de drets dels interessats (ARCO-POL)<\/b> amb tra\u00e7abilitat completa de terminis i respostes.<\/li>\n                    <li style=\"margin-bottom: 0.25rem\">Gesti\u00f3 de <b>encarregats de tractament i contractes<\/b> amb tercers.<\/li>\n                    <li style=\"margin-bottom: 0.25rem\">Registre i seguiment de <b>incid\u00e8ncies i bretxes de seguretat<\/b>.<\/li>\n                <\/ul>\n            <\/li>\n        <\/ul>\n    <\/li>\n\n    <li style=\"margin-bottom: 1rem\">\n        <b>Operaci\u00f3 Legal Operations i acompanyament continuat<\/b>\n        <ul>\n            <li style=\"margin-bottom: 0.5rem\">\n                Suport Legal Operations des d&#039;ECIX Tech per <b>operar ePrivacy en el dia a dia<\/b>: revisi\u00f3 de tractaments, suport a EIPD, definici\u00f3 de plantilles i criteris comuns.\n            <\/li>\n            <li style=\"margin-bottom: 0.5rem\">\n                Formaci\u00f3 a equips clau del grup per consolidar un <b>model de treball homogeni<\/b>, independentment de l&#039;empresa o el pa\u00eds.\n            <\/li>\n        <\/ul>\n    <\/li>\n<\/ol>\n\n<\/p>\t\t<\/div>\n\n\t\t\t\t\t\t<\/div>\n\t\t\t\t<\/div>\n\t\t\t\t\t<\/div>\n\t\t<\/div>\n\t\t\t\t\t<\/div>\n\t\t<\/section>\n\t\t\t\t<section class=\"elementor-section elementor-inner-section elementor-element elementor-element-13c127d7 elementor-section-boxed elementor-section-height-default elementor-section-height-default\" data-id=\"13c127d7\" data-element_type=\"section\" data-e-type=\"section\">\n\t\t\t\t\t\t<div class=\"elementor-container elementor-column-gap-default\">\n\t\t\t\t\t<div class=\"elementor-column elementor-col-50 elementor-inner-column elementor-element elementor-element-7f8f3231\" data-id=\"7f8f3231\" data-element_type=\"column\" data-e-type=\"column\">\n\t\t\t<div class=\"elementor-widget-wrap elementor-element-populated\">\n\t\t\t\t\t\t<div class=\"elementor-element elementor-element-6a3dd13a elementor-widget__width-initial elementor-widget elementor-widget-hub_fancy_heading\" data-id=\"6a3dd13a\" data-element_type=\"widget\" data-e-type=\"widget\" data-widget_type=\"hub_fancy_heading.default\">\n\t\t\t\t<div class=\"elementor-widget-container\">\n\t\t\t\t\t\n\t\t<div id=\"ld-fancy-heading-69f2e49998cc8\" class=\"ld-fancy-heading pos-rel\">\n\t\t\t<h2 class=\"ld-fh-element d-inline-block pos-rel  elementor-heading-title lqd-highlight-classic lqd-highlight-grow-left h2\"  > Resultats<\/h2>\t\t<\/div>\n\n\t\t\t\t\t\t<\/div>\n\t\t\t\t<\/div>\n\t\t\t\t\t<\/div>\n\t\t<\/div>\n\t\t\t\t<div class=\"elementor-column elementor-col-50 elementor-inner-column elementor-element elementor-element-744e1b66\" data-id=\"744e1b66\" data-element_type=\"column\" data-e-type=\"column\">\n\t\t\t<div class=\"elementor-widget-wrap elementor-element-populated\">\n\t\t\t\t\t\t<div class=\"elementor-element elementor-element-44ffa774 elementor-widget elementor-widget-hub_fancy_heading\" data-id=\"44ffa774\" data-element_type=\"widget\" data-e-type=\"widget\" data-widget_type=\"hub_fancy_heading.default\">\n\t\t\t\t<div class=\"elementor-widget-container\">\n\t\t\t\t\t\n\t\t<div id=\"ld-fancy-heading-69f2e49999b5c\" class=\"ld-fancy-heading pos-rel\">\n\t\t\t<p class=\"ld-fh-element d-inline-block pos-rel  lqd-highlight-classic lqd-highlight-grow-left p\"  > La combinaci\u00f3 del servei Legal Operations i la implantaci\u00f3 de <b>ePrivacy<\/b> com a soluci\u00f3 corporativa va permetre al grup empresarial:\n<br>\n\n<ul style=\"padding-left: 20px;margin-top:10px;margin-bottom:15px\">\n<li>Disposar per primer cop d&#039;un <b>mapa complet i centralitzat de tractaments de dades personals<\/b> a totes les empreses del grup.<\/li>\n<li><b>Estandarditzar criteris i processos de privadesa<\/b>garantint que totes les societats apliquen les mateixes regles, plantilles i nivells d&#039;exig\u00e8ncia.<\/li>\n<li>Reduir de manera notable l&#039;esfor\u00e7 manual dedicat a recopilar informaci\u00f3, consolidar excels i preparar informes, substituint-lo per <b>fluxos automatitzats i registres \u00fanics<\/b> a ePrivacy.\n<\/li>\n<li>Millorar la <b>capacitat de resposta davant auditories internes, clients i autoritats de control<\/b>, gr\u00e0cies a la tra\u00e7abilitat ia la disponibilitat immediata d&#039;evid\u00e8ncies de compliment.<\/li>\n<li>Refor\u00e7ar el rol de la corporaci\u00f3 com <b>centre de govern i coordinaci\u00f3 de la privadesa<\/b>, sense perdre la implicaci\u00f3 de les empreses operatives en la gesti\u00f3 di\u00e0ria.<\/li>\n<\/ul>\n\n\t\nEn conjunt, el projecte va transformar la privadesa en el grup en un <b>proc\u00e9s gestionat, mesurable i governable<\/b>, amb ePrivacy com a columna vertebral tecnol\u00f2gica i un model Legal Operations que garanteix el seu funcionament sostingut en el temps.\n\n\n \n\n <\/p>\t\t<\/div>\n\n\t\t\t\t\t\t<\/div>\n\t\t\t\t<\/div>\n\t\t\t\t\t<\/div>\n\t\t<\/div>\n\t\t\t\t\t<\/div>\n\t\t<\/section>\n\t\t\t\t\t<\/div>\n\t\t<\/div>\n\t\t\t\t\t<\/div>\n\t\t<\/section>\n\t\t\t\t<section class=\"elementor-section elementor-top-section elementor-element elementor-element-646d632c elementor-section-boxed elementor-section-height-default elementor-section-height-default\" data-id=\"646d632c\" data-element_type=\"section\" data-e-type=\"section\" data-settings=\"{&quot;background_background&quot;:&quot;classic&quot;}\">\n\t\t\t\t\t\t\t<div class=\"elementor-background-overlay\"><\/div>\n\t\t\t\t\t\t\t<div class=\"elementor-container elementor-column-gap-default\">\n\t\t\t\t\t<div class=\"elementor-column elementor-col-50 elementor-top-column elementor-element elementor-element-2b8cb33a\" data-id=\"2b8cb33a\" data-element_type=\"column\" data-e-type=\"column\">\n\t\t\t<div class=\"elementor-widget-wrap elementor-element-populated\">\n\t\t\t\t\t\t<div class=\"elementor-element elementor-element-536ef105 elementor-widget__width-initial elementor-widget elementor-widget-hub_fancy_heading\" data-id=\"536ef105\" data-element_type=\"widget\" data-e-type=\"widget\" data-widget_type=\"hub_fancy_heading.default\">\n\t\t\t\t<div class=\"elementor-widget-container\">\n\t\t\t\t\t\n\t\t<div id=\"ld-fancy-heading-69f2e4999b68d\" class=\"ld-fancy-heading pos-rel\">\n\t\t\t<h2 class=\"ld-fh-element d-inline-block pos-rel  elementor-heading-title lqd-highlight-classic lqd-highlight-grow-left h2\"  > Coneix m\u00e9s Client Stories<\/h2>\t\t<\/div>\n\n\t\t\t\t\t\t<\/div>\n\t\t\t\t<\/div>\n\t\t\t\t\t<\/div>\n\t\t<\/div>\n\t\t\t\t<div class=\"elementor-column elementor-col-50 elementor-top-column elementor-element elementor-element-85437c4\" data-id=\"85437c4\" data-element_type=\"column\" data-e-type=\"column\">\n\t\t\t<div class=\"elementor-widget-wrap elementor-element-populated\">\n\t\t\t\t\t\t<div class=\"elementor-element elementor-element-3ac10a0f elementor-widget__width-auto elementor-widget elementor-widget-ld_button\" data-id=\"3ac10a0f\" data-element_type=\"widget\" data-e-type=\"widget\" data-widget_type=\"ld_button.default\">\n\t\t\t\t<div class=\"elementor-widget-container\">\n\t\t\t\t\t\n\t\t\t<a\n\t\t\t\thref=\"https:\/\/ecix.tech\/ca\/client-stories\/\"class=\"elementor-button btn btn-solid btn-xlg btn-icon-shaped btn-has-label\"\t\t\t>\n\t\t\t\t\t\t\t\t\t<span data-text=\"Ver m\u00e1s\" class=\"btn-txt\">\n\t\t\t\t\t\tVeure m\u00e9s\t\t\t\t\t<\/span>\n\t\t\t\t\t\t\t\t\t\t\t<\/a>\n\t\t\t\t\t\t\t<\/div>\n\t\t\t\t<\/div>\n\t\t\t\t\t<\/div>\n\t\t<\/div>\n\t\t\t\t\t<\/div>\n\t\t<\/section>\n\t\t\t\t<\/div>","protected":false},"excerpt":{"rendered":"<p>Gobierno integral de la privacidad con ePrivacy Desaf\u00edo Un potente grupo multinacional espa\u00f1ol del sector de la construcci\u00f3n, infraestructuras, servicios ciudadanos e inmobiliario, con cientos de empresas y presencia en m\u00faltiples territorios, se enfrentaba a un reto creciente en materia de privacidad: Marcos regulatorios exigentes (RGPD, LOPDGDD y normativa sectorial). Un modelo organizativo muy complejo, [&hellip;]<\/p>","protected":false},"author":2,"featured_media":28749,"comment_status":"closed","ping_status":"closed","sticky":false,"template":"elementor_header_footer","format":"standard","meta":{"footnotes":""},"categories":[75,71],"tags":[],"class_list":["post-28430","post","type-post","status-publish","format-standard","has-post-thumbnail","hentry","category-eprivacy","category-legal-ops"],"yoast_head":"<!-- This site is optimized with the Yoast SEO plugin v26.4 - https:\/\/yoast.com\/wordpress\/plugins\/seo\/ -->\n<title>Gobierno integral de la privacidad con ePrivacy - ECIX TECH<\/title>\n<meta name=\"description\" content=\"El proyecto transform\u00f3 la privacidad en el grupo en un proceso gestionado, medible y gobernable, con ePrivacy como columna vertebral tecnol\u00f3gica y un modelo Legal Operations que garantiza su funcionamiento sostenido en el tiempo.\" \/>\n<meta name=\"robots\" content=\"index, follow, max-snippet:-1, max-image-preview:large, max-video-preview:-1\" \/>\n<link rel=\"canonical\" href=\"https:\/\/ecix.tech\/ca\/2025\/12\/03\/govern-integral-de-la-privadesa-amb-eprivacy\/\" \/>\n<meta property=\"og:locale\" content=\"ca_ES\" \/>\n<meta property=\"og:type\" content=\"article\" \/>\n<meta property=\"og:title\" content=\"Gobierno integral de la privacidad con ePrivacy - ECIX TECH\" \/>\n<meta property=\"og:description\" content=\"El proyecto transform\u00f3 la privacidad en el grupo en un proceso gestionado, medible y gobernable, con ePrivacy como columna vertebral tecnol\u00f3gica y un modelo Legal Operations que garantiza su funcionamiento sostenido en el tiempo.\" \/>\n<meta property=\"og:url\" content=\"https:\/\/ecix.tech\/ca\/2025\/12\/03\/govern-integral-de-la-privadesa-amb-eprivacy\/\" \/>\n<meta property=\"og:site_name\" content=\"ECIX TECH\" \/>\n<meta property=\"article:published_time\" content=\"2025-12-03T14:12:22+00:00\" \/>\n<meta property=\"article:modified_time\" content=\"2026-04-17T10:37:51+00:00\" \/>\n<meta property=\"og:image\" content=\"https:\/\/bucket-5he5hs.s3.eu-west-1.amazonaws.com\/wp-content\/uploads\/2025\/12\/04131412\/caso-gobierno-privacidad-img-portada.png\" \/>\n\t<meta property=\"og:image:width\" content=\"889\" \/>\n\t<meta property=\"og:image:height\" content=\"290\" \/>\n\t<meta property=\"og:image:type\" content=\"image\/png\" \/>\n<meta name=\"author\" content=\"Maria Moreno\" \/>\n<meta name=\"twitter:card\" content=\"summary_large_image\" \/>\n<meta name=\"twitter:label1\" content=\"Escrit per\" \/>\n\t<meta name=\"twitter:data1\" content=\"Maria Moreno\" \/>\n<script type=\"application\/ld+json\" class=\"yoast-schema-graph\">{\"@context\":\"https:\/\/schema.org\",\"@graph\":[{\"@type\":\"TechArticle\",\"@id\":\"https:\/\/ecix.tech\/es\/2025\/12\/03\/gobierno-integral-de-la-privacidad-con-eprivacy\/#article\",\"isPartOf\":{\"@id\":\"https:\/\/ecix.tech\/es\/2025\/12\/03\/gobierno-integral-de-la-privacidad-con-eprivacy\/\"},\"author\":{\"name\":\"Maria Moreno\",\"@id\":\"https:\/\/pl.nextlgsdp.com\/es\/#\/schema\/person\/a27ba50d250c5cf836a412719b42793d\"},\"headline\":\"Gobierno integral de la privacidad con ePrivacy\",\"datePublished\":\"2025-12-03T14:12:22+00:00\",\"dateModified\":\"2026-04-17T10:37:51+00:00\",\"mainEntityOfPage\":{\"@id\":\"https:\/\/ecix.tech\/es\/2025\/12\/03\/gobierno-integral-de-la-privacidad-con-eprivacy\/\"},\"wordCount\":603,\"publisher\":{\"@id\":\"https:\/\/pl.nextlgsdp.com\/es\/#organization\"},\"image\":{\"@id\":\"https:\/\/ecix.tech\/es\/2025\/12\/03\/gobierno-integral-de-la-privacidad-con-eprivacy\/#primaryimage\"},\"thumbnailUrl\":\"https:\/\/bucket-5he5hs.s3.eu-west-1.amazonaws.com\/wp-content\/uploads\/2025\/12\/04131412\/caso-gobierno-privacidad-img-portada.png\",\"articleSection\":[\"ePrivacy\",\"Legal Operations\"],\"inLanguage\":\"ca\"},{\"@type\":\"WebPage\",\"@id\":\"https:\/\/ecix.tech\/es\/2025\/12\/03\/gobierno-integral-de-la-privacidad-con-eprivacy\/\",\"url\":\"https:\/\/ecix.tech\/es\/2025\/12\/03\/gobierno-integral-de-la-privacidad-con-eprivacy\/\",\"name\":\"Gobierno integral de la privacidad con ePrivacy - ECIX TECH\",\"isPartOf\":{\"@id\":\"https:\/\/pl.nextlgsdp.com\/es\/#website\"},\"primaryImageOfPage\":{\"@id\":\"https:\/\/ecix.tech\/es\/2025\/12\/03\/gobierno-integral-de-la-privacidad-con-eprivacy\/#primaryimage\"},\"image\":{\"@id\":\"https:\/\/ecix.tech\/es\/2025\/12\/03\/gobierno-integral-de-la-privacidad-con-eprivacy\/#primaryimage\"},\"thumbnailUrl\":\"https:\/\/bucket-5he5hs.s3.eu-west-1.amazonaws.com\/wp-content\/uploads\/2025\/12\/04131412\/caso-gobierno-privacidad-img-portada.png\",\"datePublished\":\"2025-12-03T14:12:22+00:00\",\"dateModified\":\"2026-04-17T10:37:51+00:00\",\"description\":\"El proyecto transform\u00f3 la privacidad en el grupo en un proceso gestionado, medible y gobernable, con ePrivacy como columna vertebral tecnol\u00f3gica y un modelo Legal Operations que garantiza su funcionamiento sostenido en el tiempo.\",\"breadcrumb\":{\"@id\":\"https:\/\/ecix.tech\/es\/2025\/12\/03\/gobierno-integral-de-la-privacidad-con-eprivacy\/#breadcrumb\"},\"inLanguage\":\"ca\",\"potentialAction\":[{\"@type\":\"ReadAction\",\"target\":[\"https:\/\/ecix.tech\/es\/2025\/12\/03\/gobierno-integral-de-la-privacidad-con-eprivacy\/\"]}]},{\"@type\":\"ImageObject\",\"inLanguage\":\"ca\",\"@id\":\"https:\/\/ecix.tech\/es\/2025\/12\/03\/gobierno-integral-de-la-privacidad-con-eprivacy\/#primaryimage\",\"url\":\"https:\/\/bucket-5he5hs.s3.eu-west-1.amazonaws.com\/wp-content\/uploads\/2025\/12\/04131412\/caso-gobierno-privacidad-img-portada.png\",\"contentUrl\":\"https:\/\/bucket-5he5hs.s3.eu-west-1.amazonaws.com\/wp-content\/uploads\/2025\/12\/04131412\/caso-gobierno-privacidad-img-portada.png\",\"width\":889,\"height\":290},{\"@type\":\"BreadcrumbList\",\"@id\":\"https:\/\/ecix.tech\/es\/2025\/12\/03\/gobierno-integral-de-la-privacidad-con-eprivacy\/#breadcrumb\",\"itemListElement\":[{\"@type\":\"ListItem\",\"position\":1,\"name\":\"Home\",\"item\":\"https:\/\/54.247.110.102\/es\/\"},{\"@type\":\"ListItem\",\"position\":2,\"name\":\"Gobierno integral de la privacidad con ePrivacy\"}]},{\"@type\":\"WebSite\",\"@id\":\"https:\/\/pl.nextlgsdp.com\/es\/#website\",\"url\":\"https:\/\/pl.nextlgsdp.com\/es\/\",\"name\":\"ECIX TECH\",\"description\":\"Servicios y soluciones para el cumplimiento normativo\",\"publisher\":{\"@id\":\"https:\/\/pl.nextlgsdp.com\/es\/#organization\"},\"potentialAction\":[{\"@type\":\"SearchAction\",\"target\":{\"@type\":\"EntryPoint\",\"urlTemplate\":\"https:\/\/pl.nextlgsdp.com\/es\/?s={search_term_string}\"},\"query-input\":{\"@type\":\"PropertyValueSpecification\",\"valueRequired\":true,\"valueName\":\"search_term_string\"}}],\"inLanguage\":\"ca\"},{\"@type\":\"Organization\",\"@id\":\"https:\/\/pl.nextlgsdp.com\/es\/#organization\",\"name\":\"ECIX TECH\",\"url\":\"https:\/\/pl.nextlgsdp.com\/es\/\",\"logo\":{\"@type\":\"ImageObject\",\"inLanguage\":\"ca\",\"@id\":\"https:\/\/pl.nextlgsdp.com\/es\/#\/schema\/logo\/image\/\",\"url\":\"https:\/\/ecix.tech\/wp-content\/uploads\/2025\/07\/Ecixtech-scaled.png\",\"contentUrl\":\"https:\/\/ecix.tech\/wp-content\/uploads\/2025\/07\/Ecixtech-scaled.png\",\"width\":2560,\"height\":677,\"caption\":\"ECIX TECH\"},\"image\":{\"@id\":\"https:\/\/pl.nextlgsdp.com\/es\/#\/schema\/logo\/image\/\"}},{\"@type\":\"Person\",\"@id\":\"https:\/\/pl.nextlgsdp.com\/es\/#\/schema\/person\/a27ba50d250c5cf836a412719b42793d\",\"name\":\"Maria Moreno\"}]}<\/script>\n<!-- \/ Yoast SEO plugin. -->","yoast_head_json":{"title":"Govern integral de la privadesa amb ePrivacy - ECIX TECH","description":"El projecte va transformar la privadesa en el grup en un proc\u00e9s gestionat, mesurable i governable, amb ePrivacy com a columna vertebral tecnol\u00f2gica i un model Legal Operations que garanteix el seu funcionament sostingut en el temps.","robots":{"index":"index","follow":"follow","max-snippet":"max-snippet:-1","max-image-preview":"max-image-preview:large","max-video-preview":"max-video-preview:-1"},"canonical":"https:\/\/ecix.tech\/ca\/2025\/12\/03\/govern-integral-de-la-privadesa-amb-eprivacy\/","og_locale":"ca_ES","og_type":"article","og_title":"Gobierno integral de la privacidad con ePrivacy - ECIX TECH","og_description":"El proyecto transform\u00f3 la privacidad en el grupo en un proceso gestionado, medible y gobernable, con ePrivacy como columna vertebral tecnol\u00f3gica y un modelo Legal Operations que garantiza su funcionamiento sostenido en el tiempo.","og_url":"https:\/\/ecix.tech\/ca\/2025\/12\/03\/govern-integral-de-la-privadesa-amb-eprivacy\/","og_site_name":"ECIX TECH","article_published_time":"2025-12-03T14:12:22+00:00","article_modified_time":"2026-04-17T10:37:51+00:00","og_image":[{"width":889,"height":290,"url":"https:\/\/bucket-5he5hs.s3.eu-west-1.amazonaws.com\/wp-content\/uploads\/2025\/12\/04131412\/caso-gobierno-privacidad-img-portada.png","type":"image\/png"}],"author":"Maria Moreno","twitter_card":"summary_large_image","twitter_misc":{"Escrit per":"Maria Moreno"},"schema":{"@context":"https:\/\/schema.org","@graph":[{"@type":"TechArticle","@id":"https:\/\/ecix.tech\/es\/2025\/12\/03\/gobierno-integral-de-la-privacidad-con-eprivacy\/#article","isPartOf":{"@id":"https:\/\/ecix.tech\/es\/2025\/12\/03\/gobierno-integral-de-la-privacidad-con-eprivacy\/"},"author":{"name":"Maria Moreno","@id":"https:\/\/pl.nextlgsdp.com\/es\/#\/schema\/person\/a27ba50d250c5cf836a412719b42793d"},"headline":"Gobierno integral de la privacidad con ePrivacy","datePublished":"2025-12-03T14:12:22+00:00","dateModified":"2026-04-17T10:37:51+00:00","mainEntityOfPage":{"@id":"https:\/\/ecix.tech\/es\/2025\/12\/03\/gobierno-integral-de-la-privacidad-con-eprivacy\/"},"wordCount":603,"publisher":{"@id":"https:\/\/pl.nextlgsdp.com\/es\/#organization"},"image":{"@id":"https:\/\/ecix.tech\/es\/2025\/12\/03\/gobierno-integral-de-la-privacidad-con-eprivacy\/#primaryimage"},"thumbnailUrl":"https:\/\/bucket-5he5hs.s3.eu-west-1.amazonaws.com\/wp-content\/uploads\/2025\/12\/04131412\/caso-gobierno-privacidad-img-portada.png","articleSection":["ePrivacy","Legal Operations"],"inLanguage":"ca"},{"@type":"WebPage","@id":"https:\/\/ecix.tech\/es\/2025\/12\/03\/gobierno-integral-de-la-privacidad-con-eprivacy\/","url":"https:\/\/ecix.tech\/es\/2025\/12\/03\/gobierno-integral-de-la-privacidad-con-eprivacy\/","name":"Govern integral de la privadesa amb ePrivacy - ECIX TECH","isPartOf":{"@id":"https:\/\/pl.nextlgsdp.com\/es\/#website"},"primaryImageOfPage":{"@id":"https:\/\/ecix.tech\/es\/2025\/12\/03\/gobierno-integral-de-la-privacidad-con-eprivacy\/#primaryimage"},"image":{"@id":"https:\/\/ecix.tech\/es\/2025\/12\/03\/gobierno-integral-de-la-privacidad-con-eprivacy\/#primaryimage"},"thumbnailUrl":"https:\/\/bucket-5he5hs.s3.eu-west-1.amazonaws.com\/wp-content\/uploads\/2025\/12\/04131412\/caso-gobierno-privacidad-img-portada.png","datePublished":"2025-12-03T14:12:22+00:00","dateModified":"2026-04-17T10:37:51+00:00","description":"El projecte va transformar la privadesa en el grup en un proc\u00e9s gestionat, mesurable i governable, amb ePrivacy com a columna vertebral tecnol\u00f2gica i un model Legal Operations que garanteix el seu funcionament sostingut en el temps.","breadcrumb":{"@id":"https:\/\/ecix.tech\/es\/2025\/12\/03\/gobierno-integral-de-la-privacidad-con-eprivacy\/#breadcrumb"},"inLanguage":"ca","potentialAction":[{"@type":"ReadAction","target":["https:\/\/ecix.tech\/es\/2025\/12\/03\/gobierno-integral-de-la-privacidad-con-eprivacy\/"]}]},{"@type":"ImageObject","inLanguage":"ca","@id":"https:\/\/ecix.tech\/es\/2025\/12\/03\/gobierno-integral-de-la-privacidad-con-eprivacy\/#primaryimage","url":"https:\/\/bucket-5he5hs.s3.eu-west-1.amazonaws.com\/wp-content\/uploads\/2025\/12\/04131412\/caso-gobierno-privacidad-img-portada.png","contentUrl":"https:\/\/bucket-5he5hs.s3.eu-west-1.amazonaws.com\/wp-content\/uploads\/2025\/12\/04131412\/caso-gobierno-privacidad-img-portada.png","width":889,"height":290},{"@type":"BreadcrumbList","@id":"https:\/\/ecix.tech\/es\/2025\/12\/03\/gobierno-integral-de-la-privacidad-con-eprivacy\/#breadcrumb","itemListElement":[{"@type":"ListItem","position":1,"name":"Home","item":"https:\/\/54.247.110.102\/es\/"},{"@type":"ListItem","position":2,"name":"Gobierno integral de la privacidad con ePrivacy"}]},{"@type":"WebSite","@id":"https:\/\/pl.nextlgsdp.com\/es\/#website","url":"https:\/\/pl.nextlgsdp.com\/es\/","name":"ECIX TECH","description":"Serveis i solucions per al compliment normatiu","publisher":{"@id":"https:\/\/pl.nextlgsdp.com\/es\/#organization"},"potentialAction":[{"@type":"SearchAction","target":{"@type":"EntryPoint","urlTemplate":"https:\/\/pl.nextlgsdp.com\/es\/?s={search_term_string}"},"query-input":{"@type":"PropertyValueSpecification","valueRequired":true,"valueName":"search_term_string"}}],"inLanguage":"ca"},{"@type":"Organization","@id":"https:\/\/pl.nextlgsdp.com\/es\/#organization","name":"ECIX TECH","url":"https:\/\/pl.nextlgsdp.com\/es\/","logo":{"@type":"ImageObject","inLanguage":"ca","@id":"https:\/\/pl.nextlgsdp.com\/es\/#\/schema\/logo\/image\/","url":"https:\/\/ecix.tech\/wp-content\/uploads\/2025\/07\/Ecixtech-scaled.png","contentUrl":"https:\/\/ecix.tech\/wp-content\/uploads\/2025\/07\/Ecixtech-scaled.png","width":2560,"height":677,"caption":"ECIX TECH"},"image":{"@id":"https:\/\/pl.nextlgsdp.com\/es\/#\/schema\/logo\/image\/"}},{"@type":"Person","@id":"https:\/\/pl.nextlgsdp.com\/es\/#\/schema\/person\/a27ba50d250c5cf836a412719b42793d","name":"Maria Moreno"}]}},"_links":{"self":[{"href":"https:\/\/ecix.tech\/ca\/wp-json\/wp\/v2\/posts\/28430","targetHints":{"allow":["GET"]}}],"collection":[{"href":"https:\/\/ecix.tech\/ca\/wp-json\/wp\/v2\/posts"}],"about":[{"href":"https:\/\/ecix.tech\/ca\/wp-json\/wp\/v2\/types\/post"}],"author":[{"embeddable":true,"href":"https:\/\/ecix.tech\/ca\/wp-json\/wp\/v2\/users\/2"}],"replies":[{"embeddable":true,"href":"https:\/\/ecix.tech\/ca\/wp-json\/wp\/v2\/comments?post=28430"}],"version-history":[{"count":49,"href":"https:\/\/ecix.tech\/ca\/wp-json\/wp\/v2\/posts\/28430\/revisions"}],"predecessor-version":[{"id":33139,"href":"https:\/\/ecix.tech\/ca\/wp-json\/wp\/v2\/posts\/28430\/revisions\/33139"}],"wp:featuredmedia":[{"embeddable":true,"href":"https:\/\/ecix.tech\/ca\/wp-json\/wp\/v2\/media\/28749"}],"wp:attachment":[{"href":"https:\/\/ecix.tech\/ca\/wp-json\/wp\/v2\/media?parent=28430"}],"wp:term":[{"taxonomy":"category","embeddable":true,"href":"https:\/\/ecix.tech\/ca\/wp-json\/wp\/v2\/categories?post=28430"},{"taxonomy":"post_tag","embeddable":true,"href":"https:\/\/ecix.tech\/ca\/wp-json\/wp\/v2\/tags?post=28430"}],"curies":[{"name":"wp","href":"https:\/\/api.w.org\/{rel}","templated":true}]}}